{"id":537,"date":"2024-05-16T18:02:39","date_gmt":"2024-05-16T16:02:39","guid":{"rendered":"http:\/\/kubi-nk.de\/?p=537"},"modified":"2024-05-16T18:02:39","modified_gmt":"2024-05-16T16:02:39","slug":"podcast-ist-kultur-noch-relevant","status":"publish","type":"post","link":"https:\/\/kubi-nk.de\/index.php\/2024\/05\/16\/podcast-ist-kultur-noch-relevant\/","title":{"rendered":"Podcast: Ist Kultur noch relevant?"},"content":{"rendered":"\n<p>Laut &amp; leise \u2013 Podcast der Neuen Musikzeitung<\/p>\n\n\n\n<p>Das Ergebnis dieses Podcasts zeigt, dass die Kulturelle Bildung offene R\u00e4ume schafft, in denen besonders Kinder und Jugendliche ganz ohne Leistungsdruck sie selbst sein k\u00f6nnen. Dieser kreative Safe-Space biete die M\u00f6glichkeit, sich mit den eigenen, innewohnenden Themen zu besch\u00e4ftigen und diese in kreativen Prozessen verhandeln zu k\u00f6nnen. Innerhalb dieses Rahmens erlernen Kinder und Jugendliche unter anderem eine Sensibilit\u00e4t f\u00fcr Sprache, Gemeinschaft und Emotionen.<\/p>\n\n\n\n<figure class=\"wp-block-embed is-type-wp-embed is-provider-conbrio-service wp-block-embed-conbrio-service\"><div class=\"wp-block-embed__wrapper\">\n<blockquote class=\"wp-embedded-content\" data-secret=\"OH33DsPUUt\"><a href=\"https:\/\/service.conbrio.de\/service\/unsere-podcasts-und-podcastpartnerschaften\/\">nmz-Podcasts und Podcastpartnerschaften<\/a><\/blockquote><iframe loading=\"lazy\" class=\"wp-embedded-content\" sandbox=\"allow-scripts\" security=\"restricted\" style=\"position: absolute; clip: rect(1px, 1px, 1px, 1px);\" title=\"&#8222;nmz-Podcasts und Podcastpartnerschaften&#8220; &#8212; ConBrio-Service\" src=\"https:\/\/service.conbrio.de\/service\/unsere-podcasts-und-podcastpartnerschaften\/embed\/#?secret=JHm9mKoDiv#?secret=OH33DsPUUt\" data-secret=\"OH33DsPUUt\" width=\"500\" height=\"282\" frameborder=\"0\" marginwidth=\"0\" marginheight=\"0\" scrolling=\"no\"><\/iframe>\n<\/div><\/figure>\n","protected":false},"excerpt":{"rendered":"<p>Laut &amp; leise \u2013 Podcast der Neuen Musikzeitung Das Ergebnis dieses Podcasts zeigt, dass die Kulturelle Bildung offene R\u00e4ume schafft, in denen besonders Kinder und Jugendliche ganz ohne Leistungsdruck sie selbst sein k\u00f6nnen. Dieser kreative Safe-Space biete die M\u00f6glichkeit, sich mit den eigenen, innewohnenden Themen zu besch\u00e4ftigen und diese in kreativen Prozessen verhandeln zu k\u00f6nnen. [&hellip;]<\/p>\n","protected":false},"author":2,"featured_media":0,"comment_status":"open","ping_status":"open","sticky":false,"template":"","format":"standard","meta":{"footnotes":""},"categories":[8,1],"tags":[],"class_list":["post-537","post","type-post","status-publish","format-standard","hentry","category-kubi2","category-sonstiges"],"_links":{"self":[{"href":"https:\/\/kubi-nk.de\/index.php\/wp-json\/wp\/v2\/posts\/537","targetHints":{"allow":["GET"]}}],"collection":[{"href":"https:\/\/kubi-nk.de\/index.php\/wp-json\/wp\/v2\/posts"}],"about":[{"href":"https:\/\/kubi-nk.de\/index.php\/wp-json\/wp\/v2\/types\/post"}],"author":[{"embeddable":true,"href":"https:\/\/kubi-nk.de\/index.php\/wp-json\/wp\/v2\/users\/2"}],"replies":[{"embeddable":true,"href":"https:\/\/kubi-nk.de\/index.php\/wp-json\/wp\/v2\/comments?post=537"}],"version-history":[{"count":1,"href":"https:\/\/kubi-nk.de\/index.php\/wp-json\/wp\/v2\/posts\/537\/revisions"}],"predecessor-version":[{"id":538,"href":"https:\/\/kubi-nk.de\/index.php\/wp-json\/wp\/v2\/posts\/537\/revisions\/538"}],"wp:attachment":[{"href":"https:\/\/kubi-nk.de\/index.php\/wp-json\/wp\/v2\/media?parent=537"}],"wp:term":[{"taxonomy":"category","embeddable":true,"href":"https:\/\/kubi-nk.de\/index.php\/wp-json\/wp\/v2\/categories?post=537"},{"taxonomy":"post_tag","embeddable":true,"href":"https:\/\/kubi-nk.de\/index.php\/wp-json\/wp\/v2\/tags?post=537"}],"curies":[{"name":"wp","href":"https:\/\/api.w.org\/{rel}","templated":true}]}}